{"id":9041,"date":"2021-10-29T09:32:56","date_gmt":"2021-10-29T09:32:56","guid":{"rendered":"https:\/\/wp.rinconeducativo.org\/?noticias=rincon-educativo-presente-en-la-reunion-anual-de-la-sociedad-nuclear-espanola-en-granada"},"modified":"2025-01-09T11:40:29","modified_gmt":"2025-01-09T10:40:29","slug":"rincon-educativo-presente-reunion-anual-sociedad-nuclear-espanola-granada","status":"publish","type":"post","link":"https:\/\/rinconeducativo.org\/es\/noticias\/rincon-educativo-presente-reunion-anual-sociedad-nuclear-espanola-granada\/","title":{"rendered":"Rinc\u00f3n Educativo presente en la Reuni\u00f3n Anual de la Sociedad Nuclear Espa\u00f1ola en Granada"},"content":{"rendered":"<p class=\"rtejustify\"><img loading=\"lazy\" decoding=\"async\" class=\" alignleft size-full wp-image-9040\" alt=\"Conferencia &quot;La evoluci\u00f3n de Rinc\u00f3n Educativo en tiempos de COVID&quot;\" src=\"https:\/\/wp2.rinconeducativo.org\/wp-content\/uploads\/2021\/10\/field_image_img-20211007-wa0019.jpg\" style=\"width: 333px; height: 250px; float: left;\" title=\"Conferencia &quot;La evoluci\u00f3n de Rinc\u00f3n Educativo en tiempos de COVID&quot;\" width=\"1024\" height=\"768\" srcset=\"https:\/\/rinconeducativo.org\/wp-content\/uploads\/2021\/10\/field_image_img-20211007-wa0019.jpg 1024w, https:\/\/rinconeducativo.org\/wp-content\/uploads\/2021\/10\/field_image_img-20211007-wa0019-500x375.jpg 500w, https:\/\/rinconeducativo.org\/wp-content\/uploads\/2021\/10\/field_image_img-20211007-wa0019-768x576.jpg 768w\" sizes=\"auto, (max-width: 1024px) 100vw, 1024px\" \/>Con motivo de la Reuni\u00f3n Anual de la Sociedad Nuclear Espa\u00f1ola (SNE) que este a\u00f1o se celebr\u00f3 del 6 al 8 de octubre en Granada, Rinc\u00f3n Educativo particip\u00f3 activamente para realizar actividades de divulgaci\u00f3n y formaci\u00f3n hacia la sociedad en general, y especialmente para el sector educativo.<\/p>\n<p class=\"rtejustify\">Se organiz\u00f3 un <strong>taller STEM dirigido a alumnos de educaci\u00f3n secundaria y bachillerato<\/strong> de la provincia de Granada, impartido por el experto en Inteligencia y Emociones dentro del Aula, Garc\u00eda \u00c1lvarez Gragera. El objetivo fue motivar a los alumnos a resolver problemas cotidianos mediante tareas y actividades de b\u00fasqueda de soluciones, con gran actividad f\u00edsica y mental, previamente cuestionada con trucos de magia o retos curiosos.<\/p>\n<p class=\"rtejustify\">Teniendo en cuenta que Granada tiene muchas posibilidades de albergar las instalaciones del proyecto IFMIF-DONES (<em>International Fusion Materials Irradiation Facility<\/em>), se organiz\u00f3 un <strong>curso orientado al profesorado de educaci\u00f3n secundaria, bachillerato y formaci\u00f3n profesional, con el t\u00edtulo \u201cLa tecnolog\u00eda nuclear y sus distintas aplicaciones en la vida cotidiana\u201d. <\/strong>Se quer\u00eda transmitir al profesorado de esa provincia, para que a su vez pudieran informar a sus alumnos, de la importancia de las radiaciones y los distintos tipos, las medidas de control necesarias para protegerse de las mismas y los organismos que se encargan de su control, as\u00ed como la repercusi\u00f3n que tendr\u00eda la instalaci\u00f3n de este proyecto en Granada y el estado en el que se encuentran las negociaciones y la construcci\u00f3n de la instalaci\u00f3n. Adem\u00e1s, les confirmamos el apoyo total a este proyecto por parte de las instituciones nacionales, auton\u00f3micas y locales, tanto a nivel organizativo como econ\u00f3mico.<\/p>\n<p class=\"rtejustify\">Para que pudieran entender la misi\u00f3n del proyecto IFMIF-DONES se realizaron presentaciones sobre qu\u00e9 es la fusi\u00f3n, cu\u00e1les son las instalaciones que investigan esta tecnolog\u00eda, as\u00ed como d\u00f3nde est\u00e1n localizadas, y, sobre todo, la diferencia entre la tecnolog\u00eda nuclear de fisi\u00f3n y la de fusi\u00f3n. Asimismo, se proporcion\u00f3 informaci\u00f3n actualizada, por parte de responsables de la instalaci\u00f3n, del estado actual del proyecto que podr\u00eda albergar su provincia.<\/p>\n<p class=\"rtejustify\">Se particip\u00f3 en un <strong>Taller de Mentoring, organizado por WIN (Woman in Nuclear) y la Agencia Internacional de la OCDE (NEA) dirigido a estudiantes femeninas de educaci\u00f3n secundaria,<\/strong> en el que mentoras profesionales del sector nuclear les contaban, por grupos, qu\u00e9 es lo que les motivo para dedicarse al sector de la tecnolog\u00eda nuclear. El objetivo de esta actividad es motivar a j\u00f3venes estudiantes femeninas a estudiar carreras de ciencias.<\/p>\n<p class=\"rtejustify\">Por otro lado, a la Reuni\u00f3n Anual asistieron m\u00e1s de 700 congresistas relacionados con el sector nuclear y, por ese motivo, se imparti\u00f3 una <strong>conferencia con el t\u00edtulo \u201cLa evoluci\u00f3n del Rinc\u00f3n Educativo en tiempos de COVID\u201d,<\/strong> para dar a conocer las distintas iniciativas abordadas, tanto a nivel estructural como en cuanto a contenidos, para adaptar el Rinc\u00f3n Educativo a las nuevas circunstancias impuestas por la pandemia y para poder llegar de una manera m\u00e1s f\u00e1cil y agradable a su p\u00fablico objetivo, el \u00e1mbito educativo.&nbsp;<\/p>\n","protected":false},"excerpt":{"rendered":"<p>Con motivo de la Reuni\u00f3n Anual de la Sociedad Nuclear Espa\u00f1ola (SNE) que este a\u00f1o se celebr\u00f3 del 6 al 8 de octubre en Granada, Rinc\u00f3n Educativo particip\u00f3 activamente para realizar actividades de divulgaci\u00f3n y formaci\u00f3n hacia la sociedad en general, y especialmente para el sector educativo. Se organiz\u00f3 un taller STEM dirigido a alumnos [&hellip;]<\/p>\n","protected":false},"author":1088,"featured_media":9040,"comment_status":"closed","ping_status":"closed","sticky":false,"template":"","format":"standard","meta":{"_acf_changed":false,"footnotes":""},"categories":[7253],"tags":[5684],"class_list":["post-9041","post","type-post","status-publish","format-standard","has-post-thumbnail","hentry","category-noticias","tag-energia-nuclear"],"acf":[],"yoast_head":"<!-- This site is optimized with the Yoast SEO plugin v26.8 - https:\/\/yoast.com\/product\/yoast-seo-wordpress\/ -->\n<title>Rinc\u00f3n Educativo presente en la Reuni\u00f3n Anual de la Sociedad Nuclear Espa\u00f1ola en Granada - Rinc\u00f3n educativo<\/title>\n<meta name=\"robots\" content=\"index, follow, max-snippet:-1, max-image-preview:large, max-video-preview:-1\" \/>\n<link rel=\"canonical\" href=\"https:\/\/rinconeducativo.org\/es\/noticias\/rincon-educativo-presente-reunion-anual-sociedad-nuclear-espanola-granada\/\" \/>\n<meta property=\"og:locale\" content=\"es_ES\" \/>\n<meta property=\"og:type\" content=\"article\" \/>\n<meta property=\"og:title\" content=\"Rinc\u00f3n Educativo presente en la Reuni\u00f3n Anual de la Sociedad Nuclear Espa\u00f1ola en Granada - Rinc\u00f3n educativo\" \/>\n<meta property=\"og:description\" content=\"Con motivo de la Reuni\u00f3n Anual de la Sociedad Nuclear Espa\u00f1ola (SNE) que este a\u00f1o se celebr\u00f3 del 6 al 8 de octubre en Granada, Rinc\u00f3n Educativo particip\u00f3 activamente para realizar actividades de divulgaci\u00f3n y formaci\u00f3n hacia la sociedad en general, y especialmente para el sector educativo. Se organiz\u00f3 un taller STEM dirigido a alumnos [&hellip;]\" \/>\n<meta property=\"og:url\" content=\"https:\/\/rinconeducativo.org\/es\/noticias\/rincon-educativo-presente-reunion-anual-sociedad-nuclear-espanola-granada\/\" \/>\n<meta property=\"og:site_name\" content=\"Rinc\u00f3n educativo\" \/>\n<meta property=\"article:published_time\" content=\"2021-10-29T09:32:56+00:00\" \/>\n<meta property=\"article:modified_time\" content=\"2025-01-09T10:40:29+00:00\" \/>\n<meta property=\"og:image\" content=\"https:\/\/rinconeducativo.org\/wp-content\/uploads\/2021\/10\/field_image_img-20211007-wa0019.jpg\" \/>\n\t<meta property=\"og:image:width\" content=\"1024\" \/>\n\t<meta property=\"og:image:height\" content=\"768\" \/>\n\t<meta property=\"og:image:type\" content=\"image\/jpeg\" \/>\n<meta name=\"author\" content=\"lgala\" \/>\n<meta name=\"twitter:card\" content=\"summary_large_image\" \/>\n<script type=\"application\/ld+json\" class=\"yoast-schema-graph\">{\"@context\":\"https:\/\/schema.org\",\"@graph\":[{\"@type\":\"Article\",\"@id\":\"https:\/\/rinconeducativo.org\/es\/noticias\/rincon-educativo-presente-reunion-anual-sociedad-nuclear-espanola-granada\/#article\",\"isPartOf\":{\"@id\":\"https:\/\/rinconeducativo.org\/es\/noticias\/rincon-educativo-presente-reunion-anual-sociedad-nuclear-espanola-granada\/\"},\"author\":{\"name\":\"lgala\",\"@id\":\"https:\/\/rinconeducativo.org\/es\/#\/schema\/person\/f603ec3f0ea7e111605a41bb2113c67b\"},\"headline\":\"Rinc\u00f3n Educativo presente en la Reuni\u00f3n Anual de la Sociedad Nuclear Espa\u00f1ola en Granada\",\"datePublished\":\"2021-10-29T09:32:56+00:00\",\"dateModified\":\"2025-01-09T10:40:29+00:00\",\"mainEntityOfPage\":{\"@id\":\"https:\/\/rinconeducativo.org\/es\/noticias\/rincon-educativo-presente-reunion-anual-sociedad-nuclear-espanola-granada\/\"},\"wordCount\":545,\"image\":{\"@id\":\"https:\/\/rinconeducativo.org\/es\/noticias\/rincon-educativo-presente-reunion-anual-sociedad-nuclear-espanola-granada\/#primaryimage\"},\"thumbnailUrl\":\"https:\/\/rinconeducativo.org\/wp-content\/uploads\/2021\/10\/field_image_img-20211007-wa0019.jpg\",\"keywords\":[\"Energ\u00eda nuclear\"],\"articleSection\":[\"Noticias\"],\"inLanguage\":\"es\"},{\"@type\":\"WebPage\",\"@id\":\"https:\/\/rinconeducativo.org\/es\/noticias\/rincon-educativo-presente-reunion-anual-sociedad-nuclear-espanola-granada\/\",\"url\":\"https:\/\/rinconeducativo.org\/es\/noticias\/rincon-educativo-presente-reunion-anual-sociedad-nuclear-espanola-granada\/\",\"name\":\"Rinc\u00f3n Educativo presente en la Reuni\u00f3n Anual de la Sociedad Nuclear Espa\u00f1ola en Granada - Rinc\u00f3n educativo\",\"isPartOf\":{\"@id\":\"https:\/\/rinconeducativo.org\/es\/#website\"},\"primaryImageOfPage\":{\"@id\":\"https:\/\/rinconeducativo.org\/es\/noticias\/rincon-educativo-presente-reunion-anual-sociedad-nuclear-espanola-granada\/#primaryimage\"},\"image\":{\"@id\":\"https:\/\/rinconeducativo.org\/es\/noticias\/rincon-educativo-presente-reunion-anual-sociedad-nuclear-espanola-granada\/#primaryimage\"},\"thumbnailUrl\":\"https:\/\/rinconeducativo.org\/wp-content\/uploads\/2021\/10\/field_image_img-20211007-wa0019.jpg\",\"datePublished\":\"2021-10-29T09:32:56+00:00\",\"dateModified\":\"2025-01-09T10:40:29+00:00\",\"author\":{\"@id\":\"https:\/\/rinconeducativo.org\/es\/#\/schema\/person\/f603ec3f0ea7e111605a41bb2113c67b\"},\"breadcrumb\":{\"@id\":\"https:\/\/rinconeducativo.org\/es\/noticias\/rincon-educativo-presente-reunion-anual-sociedad-nuclear-espanola-granada\/#breadcrumb\"},\"inLanguage\":\"es\",\"potentialAction\":[{\"@type\":\"ReadAction\",\"target\":[\"https:\/\/rinconeducativo.org\/es\/noticias\/rincon-educativo-presente-reunion-anual-sociedad-nuclear-espanola-granada\/\"]}]},{\"@type\":\"ImageObject\",\"inLanguage\":\"es\",\"@id\":\"https:\/\/rinconeducativo.org\/es\/noticias\/rincon-educativo-presente-reunion-anual-sociedad-nuclear-espanola-granada\/#primaryimage\",\"url\":\"https:\/\/rinconeducativo.org\/wp-content\/uploads\/2021\/10\/field_image_img-20211007-wa0019.jpg\",\"contentUrl\":\"https:\/\/rinconeducativo.org\/wp-content\/uploads\/2021\/10\/field_image_img-20211007-wa0019.jpg\",\"width\":1024,\"height\":768,\"caption\":\"Conferencia \\\"La evoluci\u00f3n de Rinc\u00f3n Educativo en tiempos de COVID\\\"\"},{\"@type\":\"BreadcrumbList\",\"@id\":\"https:\/\/rinconeducativo.org\/es\/noticias\/rincon-educativo-presente-reunion-anual-sociedad-nuclear-espanola-granada\/#breadcrumb\",\"itemListElement\":[{\"@type\":\"ListItem\",\"position\":1,\"name\":\"Portada\",\"item\":\"https:\/\/rinconeducativo.org\/es\/\"},{\"@type\":\"ListItem\",\"position\":2,\"name\":\"Rinc\u00f3n Educativo presente en la Reuni\u00f3n Anual de la Sociedad Nuclear Espa\u00f1ola en Granada\"}]},{\"@type\":\"WebSite\",\"@id\":\"https:\/\/rinconeducativo.org\/es\/#website\",\"url\":\"https:\/\/rinconeducativo.org\/es\/\",\"name\":\"Rinc\u00f3n educativo\",\"description\":\"Un proyecto del Foro Nuclear\",\"potentialAction\":[{\"@type\":\"SearchAction\",\"target\":{\"@type\":\"EntryPoint\",\"urlTemplate\":\"https:\/\/rinconeducativo.org\/es\/?s={search_term_string}\"},\"query-input\":{\"@type\":\"PropertyValueSpecification\",\"valueRequired\":true,\"valueName\":\"search_term_string\"}}],\"inLanguage\":\"es\"},{\"@type\":\"Person\",\"@id\":\"https:\/\/rinconeducativo.org\/es\/#\/schema\/person\/f603ec3f0ea7e111605a41bb2113c67b\",\"name\":\"lgala\",\"url\":\"https:\/\/rinconeducativo.org\/es\/author\/lgala\/\"}]}<\/script>\n<!-- \/ Yoast SEO plugin. -->","yoast_head_json":{"title":"Rinc\u00f3n Educativo presente en la Reuni\u00f3n Anual de la Sociedad Nuclear Espa\u00f1ola en Granada - Rinc\u00f3n educativo","robots":{"index":"index","follow":"follow","max-snippet":"max-snippet:-1","max-image-preview":"max-image-preview:large","max-video-preview":"max-video-preview:-1"},"canonical":"https:\/\/rinconeducativo.org\/es\/noticias\/rincon-educativo-presente-reunion-anual-sociedad-nuclear-espanola-granada\/","og_locale":"es_ES","og_type":"article","og_title":"Rinc\u00f3n Educativo presente en la Reuni\u00f3n Anual de la Sociedad Nuclear Espa\u00f1ola en Granada - Rinc\u00f3n educativo","og_description":"Con motivo de la Reuni\u00f3n Anual de la Sociedad Nuclear Espa\u00f1ola (SNE) que este a\u00f1o se celebr\u00f3 del 6 al 8 de octubre en Granada, Rinc\u00f3n Educativo particip\u00f3 activamente para realizar actividades de divulgaci\u00f3n y formaci\u00f3n hacia la sociedad en general, y especialmente para el sector educativo. Se organiz\u00f3 un taller STEM dirigido a alumnos [&hellip;]","og_url":"https:\/\/rinconeducativo.org\/es\/noticias\/rincon-educativo-presente-reunion-anual-sociedad-nuclear-espanola-granada\/","og_site_name":"Rinc\u00f3n educativo","article_published_time":"2021-10-29T09:32:56+00:00","article_modified_time":"2025-01-09T10:40:29+00:00","og_image":[{"width":1024,"height":768,"url":"https:\/\/rinconeducativo.org\/wp-content\/uploads\/2021\/10\/field_image_img-20211007-wa0019.jpg","type":"image\/jpeg"}],"author":"lgala","twitter_card":"summary_large_image","schema":{"@context":"https:\/\/schema.org","@graph":[{"@type":"Article","@id":"https:\/\/rinconeducativo.org\/es\/noticias\/rincon-educativo-presente-reunion-anual-sociedad-nuclear-espanola-granada\/#article","isPartOf":{"@id":"https:\/\/rinconeducativo.org\/es\/noticias\/rincon-educativo-presente-reunion-anual-sociedad-nuclear-espanola-granada\/"},"author":{"name":"lgala","@id":"https:\/\/rinconeducativo.org\/es\/#\/schema\/person\/f603ec3f0ea7e111605a41bb2113c67b"},"headline":"Rinc\u00f3n Educativo presente en la Reuni\u00f3n Anual de la Sociedad Nuclear Espa\u00f1ola en Granada","datePublished":"2021-10-29T09:32:56+00:00","dateModified":"2025-01-09T10:40:29+00:00","mainEntityOfPage":{"@id":"https:\/\/rinconeducativo.org\/es\/noticias\/rincon-educativo-presente-reunion-anual-sociedad-nuclear-espanola-granada\/"},"wordCount":545,"image":{"@id":"https:\/\/rinconeducativo.org\/es\/noticias\/rincon-educativo-presente-reunion-anual-sociedad-nuclear-espanola-granada\/#primaryimage"},"thumbnailUrl":"https:\/\/rinconeducativo.org\/wp-content\/uploads\/2021\/10\/field_image_img-20211007-wa0019.jpg","keywords":["Energ\u00eda nuclear"],"articleSection":["Noticias"],"inLanguage":"es"},{"@type":"WebPage","@id":"https:\/\/rinconeducativo.org\/es\/noticias\/rincon-educativo-presente-reunion-anual-sociedad-nuclear-espanola-granada\/","url":"https:\/\/rinconeducativo.org\/es\/noticias\/rincon-educativo-presente-reunion-anual-sociedad-nuclear-espanola-granada\/","name":"Rinc\u00f3n Educativo presente en la Reuni\u00f3n Anual de la Sociedad Nuclear Espa\u00f1ola en Granada - Rinc\u00f3n educativo","isPartOf":{"@id":"https:\/\/rinconeducativo.org\/es\/#website"},"primaryImageOfPage":{"@id":"https:\/\/rinconeducativo.org\/es\/noticias\/rincon-educativo-presente-reunion-anual-sociedad-nuclear-espanola-granada\/#primaryimage"},"image":{"@id":"https:\/\/rinconeducativo.org\/es\/noticias\/rincon-educativo-presente-reunion-anual-sociedad-nuclear-espanola-granada\/#primaryimage"},"thumbnailUrl":"https:\/\/rinconeducativo.org\/wp-content\/uploads\/2021\/10\/field_image_img-20211007-wa0019.jpg","datePublished":"2021-10-29T09:32:56+00:00","dateModified":"2025-01-09T10:40:29+00:00","author":{"@id":"https:\/\/rinconeducativo.org\/es\/#\/schema\/person\/f603ec3f0ea7e111605a41bb2113c67b"},"breadcrumb":{"@id":"https:\/\/rinconeducativo.org\/es\/noticias\/rincon-educativo-presente-reunion-anual-sociedad-nuclear-espanola-granada\/#breadcrumb"},"inLanguage":"es","potentialAction":[{"@type":"ReadAction","target":["https:\/\/rinconeducativo.org\/es\/noticias\/rincon-educativo-presente-reunion-anual-sociedad-nuclear-espanola-granada\/"]}]},{"@type":"ImageObject","inLanguage":"es","@id":"https:\/\/rinconeducativo.org\/es\/noticias\/rincon-educativo-presente-reunion-anual-sociedad-nuclear-espanola-granada\/#primaryimage","url":"https:\/\/rinconeducativo.org\/wp-content\/uploads\/2021\/10\/field_image_img-20211007-wa0019.jpg","contentUrl":"https:\/\/rinconeducativo.org\/wp-content\/uploads\/2021\/10\/field_image_img-20211007-wa0019.jpg","width":1024,"height":768,"caption":"Conferencia \"La evoluci\u00f3n de Rinc\u00f3n Educativo en tiempos de COVID\""},{"@type":"BreadcrumbList","@id":"https:\/\/rinconeducativo.org\/es\/noticias\/rincon-educativo-presente-reunion-anual-sociedad-nuclear-espanola-granada\/#breadcrumb","itemListElement":[{"@type":"ListItem","position":1,"name":"Portada","item":"https:\/\/rinconeducativo.org\/es\/"},{"@type":"ListItem","position":2,"name":"Rinc\u00f3n Educativo presente en la Reuni\u00f3n Anual de la Sociedad Nuclear Espa\u00f1ola en Granada"}]},{"@type":"WebSite","@id":"https:\/\/rinconeducativo.org\/es\/#website","url":"https:\/\/rinconeducativo.org\/es\/","name":"Rinc\u00f3n educativo","description":"Un proyecto del Foro Nuclear","potentialAction":[{"@type":"SearchAction","target":{"@type":"EntryPoint","urlTemplate":"https:\/\/rinconeducativo.org\/es\/?s={search_term_string}"},"query-input":{"@type":"PropertyValueSpecification","valueRequired":true,"valueName":"search_term_string"}}],"inLanguage":"es"},{"@type":"Person","@id":"https:\/\/rinconeducativo.org\/es\/#\/schema\/person\/f603ec3f0ea7e111605a41bb2113c67b","name":"lgala","url":"https:\/\/rinconeducativo.org\/es\/author\/lgala\/"}]}},"_links":{"self":[{"href":"https:\/\/rinconeducativo.org\/es\/wp-json\/wp\/v2\/posts\/9041","targetHints":{"allow":["GET"]}}],"collection":[{"href":"https:\/\/rinconeducativo.org\/es\/wp-json\/wp\/v2\/posts"}],"about":[{"href":"https:\/\/rinconeducativo.org\/es\/wp-json\/wp\/v2\/types\/post"}],"author":[{"embeddable":true,"href":"https:\/\/rinconeducativo.org\/es\/wp-json\/wp\/v2\/users\/1088"}],"replies":[{"embeddable":true,"href":"https:\/\/rinconeducativo.org\/es\/wp-json\/wp\/v2\/comments?post=9041"}],"version-history":[{"count":1,"href":"https:\/\/rinconeducativo.org\/es\/wp-json\/wp\/v2\/posts\/9041\/revisions"}],"predecessor-version":[{"id":12845,"href":"https:\/\/rinconeducativo.org\/es\/wp-json\/wp\/v2\/posts\/9041\/revisions\/12845"}],"wp:featuredmedia":[{"embeddable":true,"href":"https:\/\/rinconeducativo.org\/es\/wp-json\/wp\/v2\/media\/9040"}],"wp:attachment":[{"href":"https:\/\/rinconeducativo.org\/es\/wp-json\/wp\/v2\/media?parent=9041"}],"wp:term":[{"taxonomy":"category","embeddable":true,"href":"https:\/\/rinconeducativo.org\/es\/wp-json\/wp\/v2\/categories?post=9041"},{"taxonomy":"post_tag","embeddable":true,"href":"https:\/\/rinconeducativo.org\/es\/wp-json\/wp\/v2\/tags?post=9041"}],"curies":[{"name":"wp","href":"https:\/\/api.w.org\/{rel}","templated":true}]}}