{"id":8880,"date":"2019-02-22T12:12:38","date_gmt":"2019-02-22T12:12:38","guid":{"rendered":"https:\/\/wp.rinconeducativo.org\/?noticias=la-explicacion-de-por-que-las-uvas-generan-plasma-en-el-microondas"},"modified":"2025-01-09T12:05:30","modified_gmt":"2025-01-09T11:05:30","slug":"explicacion-uvas-generan-plasma-microondas","status":"publish","type":"post","link":"https:\/\/rinconeducativo.org\/es\/noticias\/explicacion-uvas-generan-plasma-microondas\/","title":{"rendered":"La explicaci\u00f3n de por qu\u00e9 las uvas generan plasma en el microondas"},"content":{"rendered":"<p>El plasma, el cuarto estado de la materia, es una especie de gas fuertemente ionizado que se produce a altas temperaturas. Esta sustancia se encuentra, por ejemplo, en el sol y en el interior de un tubo fluorescente, pero tambi\u00e9n se puede generar en el interior de un microondas al calentar dos mitades de uva unidas por un trozo de piel. En Youtube se pueden ver multitud de v\u00eddeos sobre este arriesgado experimento, que ha da\u00f1ado m\u00e1s de un microondas.<\/p>\n<p>Entre las dos uvas surge un energ\u00e9tico punto caliente, se sobrecargan los electrolitos y se dispara el plasma<\/p>\n<p>Para explicar la formaci\u00f3n del plasma, hasta ahora se supon\u00eda que las uvas repletas de agua atrapaban las ondas emitidas por el electrodom\u00e9stico, luego estas calentaban los electrolitos del interior del fruto y hac\u00edan que fluyeran de una mitad a otra, utilizando la tira de piel como si fuera un cable el\u00e9ctrico. La piel acaba quem\u00e1ndose por el aumento de energ\u00eda y los electrol\u00edticos cargados saltan al aire circundante formando una brillante llamarada de plasma.<\/p>\n<p>Pero ahora un equipo de f\u00edsicos de las universidades de Trent y Concordia (ambas en Canad\u00e1) ha comprobado que el fen\u00f3meno no ocurre as\u00ed, ni siquiera hace falta la piel conectora entre las dos mitades. De hecho, comprobaron que dos uvas enteras (o dos perlas de hidrogel sin piel) tambi\u00e9n pueden producir plasma al calentarse si se colocan los suficientemente cerca (menos de 3 mm).<\/p>\n<p>De forma individual o cuando est\u00e1n muy separadas, la energ\u00eda se concentra en el centro de cada uva, pero cuando se juntan o aproximan mucho el sistema ya funciona como un todo. Mediante c\u00e1maras t\u00e9rmicas y simulaciones por ordenador, los cient\u00edficos han descubierto que se producen resonancias electromagn\u00e9ticas entre la pareja y que surge un energ\u00e9tico punto caliente entre las dos.<\/p>\n<div>\n<div>\n<p><strong>Ionizaci\u00f3n del sodio y el potasio de la piel<\/strong><\/p>\n<p>En ese peque\u00f1o punto se va generando un campo electromagn\u00e9tico cada vez m\u00e1s potente, que ioniza el sodio y el potasio de la piel de las uvas. La sobrecarga de estos electrolitos dispara la explosi\u00f3n de plasma. Los detalles del proceso se publican esta semana en la revista&nbsp;<em>PNAS<\/em>.<\/p>\n<p>Seg\u00fan los autores, m\u00e1s all\u00e1 de la curiosidad de las uvas, este hallazgo podr\u00eda tener aplicaciones futuras en nanofot\u00f3nica, por ejemplo para dise\u00f1ar antenas omnidireccionales de microondas o dispositivos de microscopia que operen en la nanoescala.<\/p>\n<p><iframe loading=\"lazy\" allow=\"accelerometer; autoplay; encrypted-media; gyroscope; picture-in-picture\" allowfullscreen=\"\" frameborder=\"0\" height=\"315\" src=\"https:\/\/www.youtube.com\/embed\/M56HtZwONaE\" width=\"560\"><\/iframe><\/p>\n<p>&nbsp;<\/p>\n<\/div>\n<\/div>\n","protected":false},"excerpt":{"rendered":"<p>El plasma, el cuarto estado de la materia, es una especie de gas fuertemente ionizado que se produce a altas temperaturas. Esta sustancia se encuentra, por ejemplo, en el sol y en el interior de un tubo fluorescente, pero tambi\u00e9n se puede generar en el interior de un microondas al calentar dos mitades de uva [&hellip;]<\/p>\n","protected":false},"author":1088,"featured_media":8879,"comment_status":"closed","ping_status":"closed","sticky":false,"template":"","format":"standard","meta":{"_acf_changed":false,"footnotes":""},"categories":[7253],"tags":[6114],"class_list":["post-8880","post","type-post","status-publish","format-standard","has-post-thumbnail","hentry","category-noticias","tag-ciencia"],"acf":[],"yoast_head":"<!-- This site is optimized with the Yoast SEO plugin v26.8 - https:\/\/yoast.com\/product\/yoast-seo-wordpress\/ -->\n<title>La explicaci\u00f3n de por qu\u00e9 las uvas generan plasma en el microondas - Rinc\u00f3n educativo<\/title>\n<meta name=\"robots\" content=\"index, follow, max-snippet:-1, max-image-preview:large, max-video-preview:-1\" \/>\n<link rel=\"canonical\" href=\"https:\/\/rinconeducativo.org\/es\/noticias\/explicacion-uvas-generan-plasma-microondas\/\" \/>\n<meta property=\"og:locale\" content=\"es_ES\" \/>\n<meta property=\"og:type\" content=\"article\" \/>\n<meta property=\"og:title\" content=\"La explicaci\u00f3n de por qu\u00e9 las uvas generan plasma en el microondas - Rinc\u00f3n educativo\" \/>\n<meta property=\"og:description\" content=\"El plasma, el cuarto estado de la materia, es una especie de gas fuertemente ionizado que se produce a altas temperaturas. Esta sustancia se encuentra, por ejemplo, en el sol y en el interior de un tubo fluorescente, pero tambi\u00e9n se puede generar en el interior de un microondas al calentar dos mitades de uva [&hellip;]\" \/>\n<meta property=\"og:url\" content=\"https:\/\/rinconeducativo.org\/es\/noticias\/explicacion-uvas-generan-plasma-microondas\/\" \/>\n<meta property=\"og:site_name\" content=\"Rinc\u00f3n educativo\" \/>\n<meta property=\"article:published_time\" content=\"2019-02-22T12:12:38+00:00\" \/>\n<meta property=\"article:modified_time\" content=\"2025-01-09T11:05:30+00:00\" \/>\n<meta property=\"og:image\" content=\"https:\/\/rinconeducativo.org\/wp-content\/uploads\/2019\/02\/field_image_uvas_microondas.jpg\" \/>\n\t<meta property=\"og:image:width\" content=\"620\" \/>\n\t<meta property=\"og:image:height\" content=\"349\" \/>\n\t<meta property=\"og:image:type\" content=\"image\/jpeg\" \/>\n<meta name=\"author\" content=\"lgala\" \/>\n<meta name=\"twitter:card\" content=\"summary_large_image\" \/>\n<script type=\"application\/ld+json\" class=\"yoast-schema-graph\">{\"@context\":\"https:\/\/schema.org\",\"@graph\":[{\"@type\":\"Article\",\"@id\":\"https:\/\/rinconeducativo.org\/es\/noticias\/explicacion-uvas-generan-plasma-microondas\/#article\",\"isPartOf\":{\"@id\":\"https:\/\/rinconeducativo.org\/es\/noticias\/explicacion-uvas-generan-plasma-microondas\/\"},\"author\":{\"name\":\"lgala\",\"@id\":\"https:\/\/rinconeducativo.org\/es\/#\/schema\/person\/f603ec3f0ea7e111605a41bb2113c67b\"},\"headline\":\"La explicaci\u00f3n de por qu\u00e9 las uvas generan plasma en el microondas\",\"datePublished\":\"2019-02-22T12:12:38+00:00\",\"dateModified\":\"2025-01-09T11:05:30+00:00\",\"mainEntityOfPage\":{\"@id\":\"https:\/\/rinconeducativo.org\/es\/noticias\/explicacion-uvas-generan-plasma-microondas\/\"},\"wordCount\":440,\"image\":{\"@id\":\"https:\/\/rinconeducativo.org\/es\/noticias\/explicacion-uvas-generan-plasma-microondas\/#primaryimage\"},\"thumbnailUrl\":\"https:\/\/rinconeducativo.org\/wp-content\/uploads\/2019\/02\/field_image_uvas_microondas.jpg\",\"keywords\":[\"Ciencia\"],\"articleSection\":[\"Noticias\"],\"inLanguage\":\"es\"},{\"@type\":\"WebPage\",\"@id\":\"https:\/\/rinconeducativo.org\/es\/noticias\/explicacion-uvas-generan-plasma-microondas\/\",\"url\":\"https:\/\/rinconeducativo.org\/es\/noticias\/explicacion-uvas-generan-plasma-microondas\/\",\"name\":\"La explicaci\u00f3n de por qu\u00e9 las uvas generan plasma en el microondas - Rinc\u00f3n educativo\",\"isPartOf\":{\"@id\":\"https:\/\/rinconeducativo.org\/es\/#website\"},\"primaryImageOfPage\":{\"@id\":\"https:\/\/rinconeducativo.org\/es\/noticias\/explicacion-uvas-generan-plasma-microondas\/#primaryimage\"},\"image\":{\"@id\":\"https:\/\/rinconeducativo.org\/es\/noticias\/explicacion-uvas-generan-plasma-microondas\/#primaryimage\"},\"thumbnailUrl\":\"https:\/\/rinconeducativo.org\/wp-content\/uploads\/2019\/02\/field_image_uvas_microondas.jpg\",\"datePublished\":\"2019-02-22T12:12:38+00:00\",\"dateModified\":\"2025-01-09T11:05:30+00:00\",\"author\":{\"@id\":\"https:\/\/rinconeducativo.org\/es\/#\/schema\/person\/f603ec3f0ea7e111605a41bb2113c67b\"},\"breadcrumb\":{\"@id\":\"https:\/\/rinconeducativo.org\/es\/noticias\/explicacion-uvas-generan-plasma-microondas\/#breadcrumb\"},\"inLanguage\":\"es\",\"potentialAction\":[{\"@type\":\"ReadAction\",\"target\":[\"https:\/\/rinconeducativo.org\/es\/noticias\/explicacion-uvas-generan-plasma-microondas\/\"]}]},{\"@type\":\"ImageObject\",\"inLanguage\":\"es\",\"@id\":\"https:\/\/rinconeducativo.org\/es\/noticias\/explicacion-uvas-generan-plasma-microondas\/#primaryimage\",\"url\":\"https:\/\/rinconeducativo.org\/wp-content\/uploads\/2019\/02\/field_image_uvas_microondas.jpg\",\"contentUrl\":\"https:\/\/rinconeducativo.org\/wp-content\/uploads\/2019\/02\/field_image_uvas_microondas.jpg\",\"width\":620,\"height\":349,\"caption\":\"uvas_microondas\"},{\"@type\":\"BreadcrumbList\",\"@id\":\"https:\/\/rinconeducativo.org\/es\/noticias\/explicacion-uvas-generan-plasma-microondas\/#breadcrumb\",\"itemListElement\":[{\"@type\":\"ListItem\",\"position\":1,\"name\":\"Portada\",\"item\":\"https:\/\/rinconeducativo.org\/es\/\"},{\"@type\":\"ListItem\",\"position\":2,\"name\":\"La explicaci\u00f3n de por qu\u00e9 las uvas generan plasma en el microondas\"}]},{\"@type\":\"WebSite\",\"@id\":\"https:\/\/rinconeducativo.org\/es\/#website\",\"url\":\"https:\/\/rinconeducativo.org\/es\/\",\"name\":\"Rinc\u00f3n educativo\",\"description\":\"Un proyecto del Foro Nuclear\",\"potentialAction\":[{\"@type\":\"SearchAction\",\"target\":{\"@type\":\"EntryPoint\",\"urlTemplate\":\"https:\/\/rinconeducativo.org\/es\/?s={search_term_string}\"},\"query-input\":{\"@type\":\"PropertyValueSpecification\",\"valueRequired\":true,\"valueName\":\"search_term_string\"}}],\"inLanguage\":\"es\"},{\"@type\":\"Person\",\"@id\":\"https:\/\/rinconeducativo.org\/es\/#\/schema\/person\/f603ec3f0ea7e111605a41bb2113c67b\",\"name\":\"lgala\",\"url\":\"https:\/\/rinconeducativo.org\/es\/author\/lgala\/\"}]}<\/script>\n<!-- \/ Yoast SEO plugin. -->","yoast_head_json":{"title":"La explicaci\u00f3n de por qu\u00e9 las uvas generan plasma en el microondas - Rinc\u00f3n educativo","robots":{"index":"index","follow":"follow","max-snippet":"max-snippet:-1","max-image-preview":"max-image-preview:large","max-video-preview":"max-video-preview:-1"},"canonical":"https:\/\/rinconeducativo.org\/es\/noticias\/explicacion-uvas-generan-plasma-microondas\/","og_locale":"es_ES","og_type":"article","og_title":"La explicaci\u00f3n de por qu\u00e9 las uvas generan plasma en el microondas - Rinc\u00f3n educativo","og_description":"El plasma, el cuarto estado de la materia, es una especie de gas fuertemente ionizado que se produce a altas temperaturas. Esta sustancia se encuentra, por ejemplo, en el sol y en el interior de un tubo fluorescente, pero tambi\u00e9n se puede generar en el interior de un microondas al calentar dos mitades de uva [&hellip;]","og_url":"https:\/\/rinconeducativo.org\/es\/noticias\/explicacion-uvas-generan-plasma-microondas\/","og_site_name":"Rinc\u00f3n educativo","article_published_time":"2019-02-22T12:12:38+00:00","article_modified_time":"2025-01-09T11:05:30+00:00","og_image":[{"width":620,"height":349,"url":"https:\/\/rinconeducativo.org\/wp-content\/uploads\/2019\/02\/field_image_uvas_microondas.jpg","type":"image\/jpeg"}],"author":"lgala","twitter_card":"summary_large_image","schema":{"@context":"https:\/\/schema.org","@graph":[{"@type":"Article","@id":"https:\/\/rinconeducativo.org\/es\/noticias\/explicacion-uvas-generan-plasma-microondas\/#article","isPartOf":{"@id":"https:\/\/rinconeducativo.org\/es\/noticias\/explicacion-uvas-generan-plasma-microondas\/"},"author":{"name":"lgala","@id":"https:\/\/rinconeducativo.org\/es\/#\/schema\/person\/f603ec3f0ea7e111605a41bb2113c67b"},"headline":"La explicaci\u00f3n de por qu\u00e9 las uvas generan plasma en el microondas","datePublished":"2019-02-22T12:12:38+00:00","dateModified":"2025-01-09T11:05:30+00:00","mainEntityOfPage":{"@id":"https:\/\/rinconeducativo.org\/es\/noticias\/explicacion-uvas-generan-plasma-microondas\/"},"wordCount":440,"image":{"@id":"https:\/\/rinconeducativo.org\/es\/noticias\/explicacion-uvas-generan-plasma-microondas\/#primaryimage"},"thumbnailUrl":"https:\/\/rinconeducativo.org\/wp-content\/uploads\/2019\/02\/field_image_uvas_microondas.jpg","keywords":["Ciencia"],"articleSection":["Noticias"],"inLanguage":"es"},{"@type":"WebPage","@id":"https:\/\/rinconeducativo.org\/es\/noticias\/explicacion-uvas-generan-plasma-microondas\/","url":"https:\/\/rinconeducativo.org\/es\/noticias\/explicacion-uvas-generan-plasma-microondas\/","name":"La explicaci\u00f3n de por qu\u00e9 las uvas generan plasma en el microondas - Rinc\u00f3n educativo","isPartOf":{"@id":"https:\/\/rinconeducativo.org\/es\/#website"},"primaryImageOfPage":{"@id":"https:\/\/rinconeducativo.org\/es\/noticias\/explicacion-uvas-generan-plasma-microondas\/#primaryimage"},"image":{"@id":"https:\/\/rinconeducativo.org\/es\/noticias\/explicacion-uvas-generan-plasma-microondas\/#primaryimage"},"thumbnailUrl":"https:\/\/rinconeducativo.org\/wp-content\/uploads\/2019\/02\/field_image_uvas_microondas.jpg","datePublished":"2019-02-22T12:12:38+00:00","dateModified":"2025-01-09T11:05:30+00:00","author":{"@id":"https:\/\/rinconeducativo.org\/es\/#\/schema\/person\/f603ec3f0ea7e111605a41bb2113c67b"},"breadcrumb":{"@id":"https:\/\/rinconeducativo.org\/es\/noticias\/explicacion-uvas-generan-plasma-microondas\/#breadcrumb"},"inLanguage":"es","potentialAction":[{"@type":"ReadAction","target":["https:\/\/rinconeducativo.org\/es\/noticias\/explicacion-uvas-generan-plasma-microondas\/"]}]},{"@type":"ImageObject","inLanguage":"es","@id":"https:\/\/rinconeducativo.org\/es\/noticias\/explicacion-uvas-generan-plasma-microondas\/#primaryimage","url":"https:\/\/rinconeducativo.org\/wp-content\/uploads\/2019\/02\/field_image_uvas_microondas.jpg","contentUrl":"https:\/\/rinconeducativo.org\/wp-content\/uploads\/2019\/02\/field_image_uvas_microondas.jpg","width":620,"height":349,"caption":"uvas_microondas"},{"@type":"BreadcrumbList","@id":"https:\/\/rinconeducativo.org\/es\/noticias\/explicacion-uvas-generan-plasma-microondas\/#breadcrumb","itemListElement":[{"@type":"ListItem","position":1,"name":"Portada","item":"https:\/\/rinconeducativo.org\/es\/"},{"@type":"ListItem","position":2,"name":"La explicaci\u00f3n de por qu\u00e9 las uvas generan plasma en el microondas"}]},{"@type":"WebSite","@id":"https:\/\/rinconeducativo.org\/es\/#website","url":"https:\/\/rinconeducativo.org\/es\/","name":"Rinc\u00f3n educativo","description":"Un proyecto del Foro Nuclear","potentialAction":[{"@type":"SearchAction","target":{"@type":"EntryPoint","urlTemplate":"https:\/\/rinconeducativo.org\/es\/?s={search_term_string}"},"query-input":{"@type":"PropertyValueSpecification","valueRequired":true,"valueName":"search_term_string"}}],"inLanguage":"es"},{"@type":"Person","@id":"https:\/\/rinconeducativo.org\/es\/#\/schema\/person\/f603ec3f0ea7e111605a41bb2113c67b","name":"lgala","url":"https:\/\/rinconeducativo.org\/es\/author\/lgala\/"}]}},"_links":{"self":[{"href":"https:\/\/rinconeducativo.org\/es\/wp-json\/wp\/v2\/posts\/8880","targetHints":{"allow":["GET"]}}],"collection":[{"href":"https:\/\/rinconeducativo.org\/es\/wp-json\/wp\/v2\/posts"}],"about":[{"href":"https:\/\/rinconeducativo.org\/es\/wp-json\/wp\/v2\/types\/post"}],"author":[{"embeddable":true,"href":"https:\/\/rinconeducativo.org\/es\/wp-json\/wp\/v2\/users\/1088"}],"replies":[{"embeddable":true,"href":"https:\/\/rinconeducativo.org\/es\/wp-json\/wp\/v2\/comments?post=8880"}],"version-history":[{"count":1,"href":"https:\/\/rinconeducativo.org\/es\/wp-json\/wp\/v2\/posts\/8880\/revisions"}],"predecessor-version":[{"id":12906,"href":"https:\/\/rinconeducativo.org\/es\/wp-json\/wp\/v2\/posts\/8880\/revisions\/12906"}],"wp:featuredmedia":[{"embeddable":true,"href":"https:\/\/rinconeducativo.org\/es\/wp-json\/wp\/v2\/media\/8879"}],"wp:attachment":[{"href":"https:\/\/rinconeducativo.org\/es\/wp-json\/wp\/v2\/media?parent=8880"}],"wp:term":[{"taxonomy":"category","embeddable":true,"href":"https:\/\/rinconeducativo.org\/es\/wp-json\/wp\/v2\/categories?post=8880"},{"taxonomy":"post_tag","embeddable":true,"href":"https:\/\/rinconeducativo.org\/es\/wp-json\/wp\/v2\/tags?post=8880"}],"curies":[{"name":"wp","href":"https:\/\/api.w.org\/{rel}","templated":true}]}}