{"id":41071,"date":"2026-04-29T10:53:09","date_gmt":"2026-04-29T08:53:09","guid":{"rendered":"https:\/\/rinconeducativo.org\/?p=41071"},"modified":"2026-04-29T10:53:09","modified_gmt":"2026-04-29T08:53:09","slug":"nueva-edicion-del-programa-lise-meitner","status":"publish","type":"post","link":"https:\/\/rinconeducativo.org\/es\/noticias\/nueva-edicion-del-programa-lise-meitner\/","title":{"rendered":"\u00a1Nueva edici\u00f3n del Programa Lise Meitner!"},"content":{"rendered":"\n<p>El Organismo Internacional de Energ\u00eda At\u00f3mica (OIEA) ha organizado una nueva edici\u00f3n del <a href=\"https:\/\/www.iaea.org\/services\/key-programmes\/together-for-more-women-in-nuclear\/lise-meitner-programme\" type=\"link\" id=\"https:\/\/www.iaea.org\/services\/key-programmes\/lise-meitner-programme\/information-for-applicants\" target=\"_blank\" rel=\"noreferrer noopener\">Programa Lise Meitner<\/a> que, en esta ocasi\u00f3n, se centra en el ciclo del combustible nuclear, abarcando: exploraci\u00f3n y miner\u00eda del uranio, conversi\u00f3n y enriquecimiento del uranio, fabricaci\u00f3n del combustible, almacenamiento del combustible gastado, reprocesamiento y reciclaje, transporte de materiales nucleares y gesti\u00f3n de residuos radiactivos.<\/p>\n\n\n\n<p>Se celebrar\u00e1 del 14 al 17 de octubre de 2026 (incluyendo d\u00edas de viaje) de la siguiente forma:<\/p>\n\n\n\n<ul class=\"wp-block-list\">\n<li><strong>Semana 1 (del 5 al 9 de octubre de 2026): visitas a instalaciones del ciclo del combustible nuclear de Orano en Francia.<\/strong><\/li>\n\n\n\n<li><strong>Semana 2 (del 12 al 16 de octubre de 2026): actividades en la sede del OIEA en Viena, en  paralelo con la Conferencia Internacional del OIEA sobre la Cadena de Suministro de Combustible.<\/strong><\/li>\n<\/ul>\n\n\n\n<p>Est\u00e1 dirigido a mujeres profesionales con formaci\u00f3n relacionada con el sector nuclear, con m\u00e1s de 3 a\u00f1os de experiencia profesional o estudiantes de doctorado en su \u00faltimo a\u00f1o con experiencia laboral previa relevante.<\/p>\n\n\n\n<p>La <strong>fecha l\u00edmite para presentar candidaturas es el mi\u00e9rcoles, 6 de mayo de 2026, a las 23:59 h (CEST)<\/strong> y deber\u00e1 realizarse a trav\u00e9s del siguiente enlace: <a href=\"https:\/\/www.iaea.org\/services\/key-programmes\/lise-meitner-programme\/information-for-applicants\" target=\"_blank\" rel=\"noreferrer noopener\">Formulario de inscripci\u00f3n<\/a><\/p>\n\n\n\n<figure class=\"wp-block-embed is-type-video is-provider-youtube wp-block-embed-youtube wp-embed-aspect-16-9 wp-has-aspect-ratio\"><div class=\"wp-block-embed__wrapper\">\n<iframe loading=\"lazy\" title=\"Lise Meitner Programme to Boost Women&#039;s Careers #iwd2023\" width=\"500\" height=\"281\" src=\"https:\/\/www.youtube.com\/embed\/bfVRUqfA-SY?start=5&feature=oembed\" frameborder=\"0\" allow=\"accelerometer; autoplay; clipboard-write; encrypted-media; gyroscope; picture-in-picture; web-share\" referrerpolicy=\"strict-origin-when-cross-origin\" allowfullscreen><\/iframe>\n<\/div><\/figure>\n","protected":false},"excerpt":{"rendered":"<p>El Organismo Internacional de Energ\u00eda At\u00f3mica (OIEA) ha organizado una nueva edici\u00f3n del Programa Lise Meitner que se celebrar\u00e1 del 14 al 17 de octubre de 2026, entre Francia y Viena.<\/p>\n","protected":false},"author":1088,"featured_media":41072,"comment_status":"closed","ping_status":"closed","sticky":false,"template":"","format":"standard","meta":{"_acf_changed":false,"footnotes":""},"categories":[7254],"tags":[5684],"class_list":["post-41071","post","type-post","status-publish","format-standard","has-post-thumbnail","hentry","category-anuncios","tag-energia-nuclear"],"acf":[],"yoast_head":"<!-- This site is optimized with the Yoast SEO plugin v26.8 - https:\/\/yoast.com\/product\/yoast-seo-wordpress\/ -->\n<title>\u00a1Nueva edici\u00f3n del Programa Lise Meitner! - Rinc\u00f3n educativo<\/title>\n<meta name=\"robots\" content=\"index, follow, max-snippet:-1, max-image-preview:large, max-video-preview:-1\" \/>\n<link rel=\"canonical\" href=\"https:\/\/rinconeducativo.org\/es\/noticias\/nueva-edicion-del-programa-lise-meitner\/\" \/>\n<meta property=\"og:locale\" content=\"es_ES\" \/>\n<meta property=\"og:type\" content=\"article\" \/>\n<meta property=\"og:title\" content=\"\u00a1Nueva edici\u00f3n del Programa Lise Meitner! - Rinc\u00f3n educativo\" \/>\n<meta property=\"og:description\" content=\"El Organismo Internacional de Energ\u00eda At\u00f3mica (OIEA) ha organizado una nueva edici\u00f3n del Programa Lise Meitner que se celebrar\u00e1 del 14 al 17 de octubre de 2026, entre Francia y Viena.\" \/>\n<meta property=\"og:url\" content=\"https:\/\/rinconeducativo.org\/es\/noticias\/nueva-edicion-del-programa-lise-meitner\/\" \/>\n<meta property=\"og:site_name\" content=\"Rinc\u00f3n educativo\" \/>\n<meta property=\"article:published_time\" content=\"2026-04-29T08:53:09+00:00\" \/>\n<meta property=\"og:image\" content=\"https:\/\/rinconeducativo.org\/wp-content\/uploads\/2026\/04\/Meitner_Lise_Programme_2026.png\" \/>\n\t<meta property=\"og:image:width\" content=\"1200\" \/>\n\t<meta property=\"og:image:height\" content=\"600\" \/>\n\t<meta property=\"og:image:type\" content=\"image\/png\" \/>\n<meta name=\"author\" content=\"lgala\" \/>\n<meta name=\"twitter:card\" content=\"summary_large_image\" \/>\n<script type=\"application\/ld+json\" class=\"yoast-schema-graph\">{\"@context\":\"https:\/\/schema.org\",\"@graph\":[{\"@type\":\"Article\",\"@id\":\"https:\/\/rinconeducativo.org\/es\/noticias\/nueva-edicion-del-programa-lise-meitner\/#article\",\"isPartOf\":{\"@id\":\"https:\/\/rinconeducativo.org\/es\/noticias\/nueva-edicion-del-programa-lise-meitner\/\"},\"author\":{\"name\":\"lgala\",\"@id\":\"https:\/\/rinconeducativo.org\/es\/#\/schema\/person\/f603ec3f0ea7e111605a41bb2113c67b\"},\"headline\":\"\u00a1Nueva edici\u00f3n del Programa Lise Meitner!\",\"datePublished\":\"2026-04-29T08:53:09+00:00\",\"mainEntityOfPage\":{\"@id\":\"https:\/\/rinconeducativo.org\/es\/noticias\/nueva-edicion-del-programa-lise-meitner\/\"},\"wordCount\":231,\"image\":{\"@id\":\"https:\/\/rinconeducativo.org\/es\/noticias\/nueva-edicion-del-programa-lise-meitner\/#primaryimage\"},\"thumbnailUrl\":\"https:\/\/rinconeducativo.org\/wp-content\/uploads\/2026\/04\/Meitner_Lise_Programme_2026.png\",\"keywords\":[\"Energ\u00eda nuclear\"],\"articleSection\":[\"Tabl\u00f3n de Anuncios\"],\"inLanguage\":\"es\"},{\"@type\":\"WebPage\",\"@id\":\"https:\/\/rinconeducativo.org\/es\/noticias\/nueva-edicion-del-programa-lise-meitner\/\",\"url\":\"https:\/\/rinconeducativo.org\/es\/noticias\/nueva-edicion-del-programa-lise-meitner\/\",\"name\":\"\u00a1Nueva edici\u00f3n del Programa Lise Meitner! - Rinc\u00f3n educativo\",\"isPartOf\":{\"@id\":\"https:\/\/rinconeducativo.org\/es\/#website\"},\"primaryImageOfPage\":{\"@id\":\"https:\/\/rinconeducativo.org\/es\/noticias\/nueva-edicion-del-programa-lise-meitner\/#primaryimage\"},\"image\":{\"@id\":\"https:\/\/rinconeducativo.org\/es\/noticias\/nueva-edicion-del-programa-lise-meitner\/#primaryimage\"},\"thumbnailUrl\":\"https:\/\/rinconeducativo.org\/wp-content\/uploads\/2026\/04\/Meitner_Lise_Programme_2026.png\",\"datePublished\":\"2026-04-29T08:53:09+00:00\",\"author\":{\"@id\":\"https:\/\/rinconeducativo.org\/es\/#\/schema\/person\/f603ec3f0ea7e111605a41bb2113c67b\"},\"breadcrumb\":{\"@id\":\"https:\/\/rinconeducativo.org\/es\/noticias\/nueva-edicion-del-programa-lise-meitner\/#breadcrumb\"},\"inLanguage\":\"es\",\"potentialAction\":[{\"@type\":\"ReadAction\",\"target\":[\"https:\/\/rinconeducativo.org\/es\/noticias\/nueva-edicion-del-programa-lise-meitner\/\"]}]},{\"@type\":\"ImageObject\",\"inLanguage\":\"es\",\"@id\":\"https:\/\/rinconeducativo.org\/es\/noticias\/nueva-edicion-del-programa-lise-meitner\/#primaryimage\",\"url\":\"https:\/\/rinconeducativo.org\/wp-content\/uploads\/2026\/04\/Meitner_Lise_Programme_2026.png\",\"contentUrl\":\"https:\/\/rinconeducativo.org\/wp-content\/uploads\/2026\/04\/Meitner_Lise_Programme_2026.png\",\"width\":1200,\"height\":600,\"caption\":\"Lise Meitner Programme\"},{\"@type\":\"BreadcrumbList\",\"@id\":\"https:\/\/rinconeducativo.org\/es\/noticias\/nueva-edicion-del-programa-lise-meitner\/#breadcrumb\",\"itemListElement\":[{\"@type\":\"ListItem\",\"position\":1,\"name\":\"Portada\",\"item\":\"https:\/\/rinconeducativo.org\/es\/\"},{\"@type\":\"ListItem\",\"position\":2,\"name\":\"\u00a1Nueva edici\u00f3n del Programa Lise Meitner!\"}]},{\"@type\":\"WebSite\",\"@id\":\"https:\/\/rinconeducativo.org\/es\/#website\",\"url\":\"https:\/\/rinconeducativo.org\/es\/\",\"name\":\"Rinc\u00f3n educativo\",\"description\":\"Un proyecto del Foro Nuclear\",\"potentialAction\":[{\"@type\":\"SearchAction\",\"target\":{\"@type\":\"EntryPoint\",\"urlTemplate\":\"https:\/\/rinconeducativo.org\/es\/?s={search_term_string}\"},\"query-input\":{\"@type\":\"PropertyValueSpecification\",\"valueRequired\":true,\"valueName\":\"search_term_string\"}}],\"inLanguage\":\"es\"},{\"@type\":\"Person\",\"@id\":\"https:\/\/rinconeducativo.org\/es\/#\/schema\/person\/f603ec3f0ea7e111605a41bb2113c67b\",\"name\":\"lgala\",\"url\":\"https:\/\/rinconeducativo.org\/es\/author\/lgala\/\"}]}<\/script>\n<!-- \/ Yoast SEO plugin. -->","yoast_head_json":{"title":"\u00a1Nueva edici\u00f3n del Programa Lise Meitner! - Rinc\u00f3n educativo","robots":{"index":"index","follow":"follow","max-snippet":"max-snippet:-1","max-image-preview":"max-image-preview:large","max-video-preview":"max-video-preview:-1"},"canonical":"https:\/\/rinconeducativo.org\/es\/noticias\/nueva-edicion-del-programa-lise-meitner\/","og_locale":"es_ES","og_type":"article","og_title":"\u00a1Nueva edici\u00f3n del Programa Lise Meitner! - Rinc\u00f3n educativo","og_description":"El Organismo Internacional de Energ\u00eda At\u00f3mica (OIEA) ha organizado una nueva edici\u00f3n del Programa Lise Meitner que se celebrar\u00e1 del 14 al 17 de octubre de 2026, entre Francia y Viena.","og_url":"https:\/\/rinconeducativo.org\/es\/noticias\/nueva-edicion-del-programa-lise-meitner\/","og_site_name":"Rinc\u00f3n educativo","article_published_time":"2026-04-29T08:53:09+00:00","og_image":[{"width":1200,"height":600,"url":"https:\/\/rinconeducativo.org\/wp-content\/uploads\/2026\/04\/Meitner_Lise_Programme_2026.png","type":"image\/png"}],"author":"lgala","twitter_card":"summary_large_image","schema":{"@context":"https:\/\/schema.org","@graph":[{"@type":"Article","@id":"https:\/\/rinconeducativo.org\/es\/noticias\/nueva-edicion-del-programa-lise-meitner\/#article","isPartOf":{"@id":"https:\/\/rinconeducativo.org\/es\/noticias\/nueva-edicion-del-programa-lise-meitner\/"},"author":{"name":"lgala","@id":"https:\/\/rinconeducativo.org\/es\/#\/schema\/person\/f603ec3f0ea7e111605a41bb2113c67b"},"headline":"\u00a1Nueva edici\u00f3n del Programa Lise Meitner!","datePublished":"2026-04-29T08:53:09+00:00","mainEntityOfPage":{"@id":"https:\/\/rinconeducativo.org\/es\/noticias\/nueva-edicion-del-programa-lise-meitner\/"},"wordCount":231,"image":{"@id":"https:\/\/rinconeducativo.org\/es\/noticias\/nueva-edicion-del-programa-lise-meitner\/#primaryimage"},"thumbnailUrl":"https:\/\/rinconeducativo.org\/wp-content\/uploads\/2026\/04\/Meitner_Lise_Programme_2026.png","keywords":["Energ\u00eda nuclear"],"articleSection":["Tabl\u00f3n de Anuncios"],"inLanguage":"es"},{"@type":"WebPage","@id":"https:\/\/rinconeducativo.org\/es\/noticias\/nueva-edicion-del-programa-lise-meitner\/","url":"https:\/\/rinconeducativo.org\/es\/noticias\/nueva-edicion-del-programa-lise-meitner\/","name":"\u00a1Nueva edici\u00f3n del Programa Lise Meitner! - Rinc\u00f3n educativo","isPartOf":{"@id":"https:\/\/rinconeducativo.org\/es\/#website"},"primaryImageOfPage":{"@id":"https:\/\/rinconeducativo.org\/es\/noticias\/nueva-edicion-del-programa-lise-meitner\/#primaryimage"},"image":{"@id":"https:\/\/rinconeducativo.org\/es\/noticias\/nueva-edicion-del-programa-lise-meitner\/#primaryimage"},"thumbnailUrl":"https:\/\/rinconeducativo.org\/wp-content\/uploads\/2026\/04\/Meitner_Lise_Programme_2026.png","datePublished":"2026-04-29T08:53:09+00:00","author":{"@id":"https:\/\/rinconeducativo.org\/es\/#\/schema\/person\/f603ec3f0ea7e111605a41bb2113c67b"},"breadcrumb":{"@id":"https:\/\/rinconeducativo.org\/es\/noticias\/nueva-edicion-del-programa-lise-meitner\/#breadcrumb"},"inLanguage":"es","potentialAction":[{"@type":"ReadAction","target":["https:\/\/rinconeducativo.org\/es\/noticias\/nueva-edicion-del-programa-lise-meitner\/"]}]},{"@type":"ImageObject","inLanguage":"es","@id":"https:\/\/rinconeducativo.org\/es\/noticias\/nueva-edicion-del-programa-lise-meitner\/#primaryimage","url":"https:\/\/rinconeducativo.org\/wp-content\/uploads\/2026\/04\/Meitner_Lise_Programme_2026.png","contentUrl":"https:\/\/rinconeducativo.org\/wp-content\/uploads\/2026\/04\/Meitner_Lise_Programme_2026.png","width":1200,"height":600,"caption":"Lise Meitner Programme"},{"@type":"BreadcrumbList","@id":"https:\/\/rinconeducativo.org\/es\/noticias\/nueva-edicion-del-programa-lise-meitner\/#breadcrumb","itemListElement":[{"@type":"ListItem","position":1,"name":"Portada","item":"https:\/\/rinconeducativo.org\/es\/"},{"@type":"ListItem","position":2,"name":"\u00a1Nueva edici\u00f3n del Programa Lise Meitner!"}]},{"@type":"WebSite","@id":"https:\/\/rinconeducativo.org\/es\/#website","url":"https:\/\/rinconeducativo.org\/es\/","name":"Rinc\u00f3n educativo","description":"Un proyecto del Foro Nuclear","potentialAction":[{"@type":"SearchAction","target":{"@type":"EntryPoint","urlTemplate":"https:\/\/rinconeducativo.org\/es\/?s={search_term_string}"},"query-input":{"@type":"PropertyValueSpecification","valueRequired":true,"valueName":"search_term_string"}}],"inLanguage":"es"},{"@type":"Person","@id":"https:\/\/rinconeducativo.org\/es\/#\/schema\/person\/f603ec3f0ea7e111605a41bb2113c67b","name":"lgala","url":"https:\/\/rinconeducativo.org\/es\/author\/lgala\/"}]}},"_links":{"self":[{"href":"https:\/\/rinconeducativo.org\/es\/wp-json\/wp\/v2\/posts\/41071","targetHints":{"allow":["GET"]}}],"collection":[{"href":"https:\/\/rinconeducativo.org\/es\/wp-json\/wp\/v2\/posts"}],"about":[{"href":"https:\/\/rinconeducativo.org\/es\/wp-json\/wp\/v2\/types\/post"}],"author":[{"embeddable":true,"href":"https:\/\/rinconeducativo.org\/es\/wp-json\/wp\/v2\/users\/1088"}],"replies":[{"embeddable":true,"href":"https:\/\/rinconeducativo.org\/es\/wp-json\/wp\/v2\/comments?post=41071"}],"version-history":[{"count":3,"href":"https:\/\/rinconeducativo.org\/es\/wp-json\/wp\/v2\/posts\/41071\/revisions"}],"predecessor-version":[{"id":41078,"href":"https:\/\/rinconeducativo.org\/es\/wp-json\/wp\/v2\/posts\/41071\/revisions\/41078"}],"wp:featuredmedia":[{"embeddable":true,"href":"https:\/\/rinconeducativo.org\/es\/wp-json\/wp\/v2\/media\/41072"}],"wp:attachment":[{"href":"https:\/\/rinconeducativo.org\/es\/wp-json\/wp\/v2\/media?parent=41071"}],"wp:term":[{"taxonomy":"category","embeddable":true,"href":"https:\/\/rinconeducativo.org\/es\/wp-json\/wp\/v2\/categories?post=41071"},{"taxonomy":"post_tag","embeddable":true,"href":"https:\/\/rinconeducativo.org\/es\/wp-json\/wp\/v2\/tags?post=41071"}],"curies":[{"name":"wp","href":"https:\/\/api.w.org\/{rel}","templated":true}]}}