{"id":40636,"date":"2025-12-08T09:39:38","date_gmt":"2025-12-08T08:39:38","guid":{"rendered":"https:\/\/rinconeducativo.org\/?p=40636"},"modified":"2025-12-09T10:07:04","modified_gmt":"2025-12-09T09:07:04","slug":"15o-aniversario-lanent","status":"publish","type":"post","link":"https:\/\/rinconeducativo.org\/es\/noticias\/15o-aniversario-lanent\/","title":{"rendered":"15\u00ba aniversario de la Red Latinoamericana para la Educaci\u00f3n y la Capacitaci\u00f3n en Tecnolog\u00eda Nuclear"},"content":{"rendered":"\n<p>El 8 de diciembre la <a href=\"https:\/\/www.lanentweb.org\/\" target=\"_blank\" rel=\"noreferrer noopener\">Red Latinoamericana para la Educaci\u00f3n y la Capacitaci\u00f3n en Tecnolog\u00eda Nuclear (Lanent)<\/a> ha celebrado su 15\u00ba aniversario. Esta red de instituciones de Am\u00e9rica Latina y el Caribe es un pilar fundamental en la educaci\u00f3n, la capacitaci\u00f3n, la gesti\u00f3n del conocimiento y la divulgaci\u00f3n en el \u00e1mbito nuclear.<\/p>\n\n\n<div class=\"wp-block-image\">\n<figure class=\"alignright size-full is-resized\"><img loading=\"lazy\" decoding=\"async\" width=\"1200\" height=\"528\" src=\"https:\/\/rinconeducativo.org\/wp-content\/uploads\/2025\/12\/15Aniversario_Lanent_Rincon_Educativo.png\" alt=\"15\u00ba Aniversario Red LANENT\" class=\"wp-image-40640\" style=\"width:427px;height:auto\" srcset=\"https:\/\/rinconeducativo.org\/wp-content\/uploads\/2025\/12\/15Aniversario_Lanent_Rincon_Educativo.png 1200w, https:\/\/rinconeducativo.org\/wp-content\/uploads\/2025\/12\/15Aniversario_Lanent_Rincon_Educativo-500x220.png 500w, https:\/\/rinconeducativo.org\/wp-content\/uploads\/2025\/12\/15Aniversario_Lanent_Rincon_Educativo-768x338.png 768w\" sizes=\"auto, (max-width: 1200px) 100vw, 1200px\" \/><\/figure>\n<\/div>\n\n\n<p>En este \u00faltimo a\u00f1o, entre sus logros est\u00e1n:<\/p>\n\n\n\n<ul class=\"wp-block-list\">\n<li><strong>Expansi\u00f3n Institucional:<\/strong>&nbsp;La comunidad de Lanent no deja de crecer. Se han sumado&nbsp;<strong>m\u00e1s de diez nuevas instituciones<\/strong>&nbsp;a la Red, incluida la incorporaci\u00f3n de un&nbsp;<strong>nuevo pa\u00eds miembro<\/strong>, lo que refuerza la cooperaci\u00f3n y el intercambio de conocimientos en la regi\u00f3n.<\/li>\n\n\n\n<li><strong>Presencia digital renovada:<\/strong>&nbsp;El equipo ha reactivado y modernizado su&nbsp;<strong>p\u00e1gina web<\/strong>&nbsp;y ha ampliado significativamente su&nbsp;<strong>presencia en redes sociales<\/strong>, asegurando que el contenido educativo y las noticias clave lleguen a una audiencia m\u00e1s amplia.<\/li>\n\n\n\n<li><strong>Protagonismo en eventos:<\/strong>&nbsp;Lanent ha recuperado su papel protag\u00f3nico, auspiciando y participando activamente en&nbsp;<strong>conferencias, ferias y m\u00faltiples espacios de divulgaci\u00f3n<\/strong>, difundiendo el mensaje sobre los usos pac\u00edficos de la tecnolog\u00eda nuclear a nuevos p\u00fablicos.<\/li>\n\n\n\n<li><strong>Nuevos recursos:<\/strong>&nbsp;Se lanz\u00f3 con \u00e9xito el recurso educativo sobre la&nbsp;<strong>contaminaci\u00f3n por pl\u00e1sticos<\/strong>, que destaca c\u00f3mo la ciencia nuclear contribuye a abordar problem\u00e1ticas ambientales complejas.<\/li>\n\n\n\n<li><strong>Formaci\u00f3n colaborativa:<\/strong>&nbsp;Se estableci\u00f3 una&nbsp;<strong>alianza estrat\u00e9gica con el <\/strong><a href=\"https:\/\/www.foronuclear.org\/\" target=\"_blank\" rel=\"noreferrer noopener\"><strong>Foro de la Industria Nuclear Espa\u00f1ola (Foro Nuclear<\/strong>)<\/a>, que permite a las instituciones miembros acceder a una oferta de formaci\u00f3n de alto nivel.<\/li>\n\n\n\n<li><strong>Saberes en Red:<\/strong>&nbsp;Se inici\u00f3 el ciclo de seminarios&nbsp;<strong>\u201cSaberes en Red\u201d<\/strong>, un espacio vital para que las diversas instituciones compartan sus avances y desarrollos en materia nuclear, fortaleciendo la gesti\u00f3n del conocimiento.<\/li>\n<\/ul>\n\n\n\n<p>Lanent mira al futuro con un nuevo compromiso internacional ya que est\u00e1 concretando la firma de un convenio de colaboraci\u00f3n con otras redes educativas internacionales.<\/p>\n\n\n\n<p>Noticia original: <a href=\"https:\/\/www.lanentweb.org\/?p=4273\" target=\"_blank\" rel=\"noreferrer noopener\">Celebramos 15 a\u00f1os entrelanzando la ciencia, educaci\u00f3n y divulgaci\u00f3n<\/a><\/p>\n","protected":false},"excerpt":{"rendered":"<p>El 8 de diciembre la Red Latinoamericana para la Educaci\u00f3n y la Capacitaci\u00f3n en Tecnolog\u00eda Nuclear (Lanent) ha celebrado su 15\u00ba aniversario. Esta red de instituciones de Am\u00e9rica Latina y el Caribe es un pilar fundamental en la educaci\u00f3n, la capacitaci\u00f3n, la gesti\u00f3n del conocimiento y la divulgaci\u00f3n en el \u00e1mbito nuclear.<\/p>\n","protected":false},"author":1088,"featured_media":40640,"comment_status":"closed","ping_status":"closed","sticky":false,"template":"","format":"standard","meta":{"_acf_changed":false,"footnotes":""},"categories":[7253],"tags":[5732,5684],"class_list":["post-40636","post","type-post","status-publish","format-standard","has-post-thumbnail","hentry","category-noticias","tag-aplicaciones-de-la-tecnologia-nuclear","tag-energia-nuclear"],"acf":[],"yoast_head":"<!-- This site is optimized with the Yoast SEO plugin v26.8 - https:\/\/yoast.com\/product\/yoast-seo-wordpress\/ -->\n<title>15\u00ba aniversario de la Red Latinoamericana para la Educaci\u00f3n y la Capacitaci\u00f3n en Tecnolog\u00eda Nuclear - Rinc\u00f3n educativo<\/title>\n<meta name=\"robots\" content=\"index, follow, max-snippet:-1, max-image-preview:large, max-video-preview:-1\" \/>\n<link rel=\"canonical\" href=\"https:\/\/rinconeducativo.org\/es\/noticias\/15o-aniversario-lanent\/\" \/>\n<meta property=\"og:locale\" content=\"es_ES\" \/>\n<meta property=\"og:type\" content=\"article\" \/>\n<meta property=\"og:title\" content=\"15\u00ba aniversario de la Red Latinoamericana para la Educaci\u00f3n y la Capacitaci\u00f3n en Tecnolog\u00eda Nuclear - Rinc\u00f3n educativo\" \/>\n<meta property=\"og:description\" content=\"El 8 de diciembre la Red Latinoamericana para la Educaci\u00f3n y la Capacitaci\u00f3n en Tecnolog\u00eda Nuclear (Lanent) ha celebrado su 15\u00ba aniversario. Esta red de instituciones de Am\u00e9rica Latina y el Caribe es un pilar fundamental en la educaci\u00f3n, la capacitaci\u00f3n, la gesti\u00f3n del conocimiento y la divulgaci\u00f3n en el \u00e1mbito nuclear.\" \/>\n<meta property=\"og:url\" content=\"https:\/\/rinconeducativo.org\/es\/noticias\/15o-aniversario-lanent\/\" \/>\n<meta property=\"og:site_name\" content=\"Rinc\u00f3n educativo\" \/>\n<meta property=\"article:published_time\" content=\"2025-12-08T08:39:38+00:00\" \/>\n<meta property=\"article:modified_time\" content=\"2025-12-09T09:07:04+00:00\" \/>\n<meta property=\"og:image\" content=\"https:\/\/rinconeducativo.org\/wp-content\/uploads\/2025\/12\/15Aniversario_Lanent_Rincon_Educativo.png\" \/>\n\t<meta property=\"og:image:width\" content=\"1200\" \/>\n\t<meta property=\"og:image:height\" content=\"528\" \/>\n\t<meta property=\"og:image:type\" content=\"image\/png\" \/>\n<meta name=\"author\" content=\"lgala\" \/>\n<meta name=\"twitter:card\" content=\"summary_large_image\" \/>\n<script type=\"application\/ld+json\" class=\"yoast-schema-graph\">{\"@context\":\"https:\/\/schema.org\",\"@graph\":[{\"@type\":\"Article\",\"@id\":\"https:\/\/rinconeducativo.org\/es\/noticias\/15o-aniversario-lanent\/#article\",\"isPartOf\":{\"@id\":\"https:\/\/rinconeducativo.org\/es\/noticias\/15o-aniversario-lanent\/\"},\"author\":{\"name\":\"lgala\",\"@id\":\"https:\/\/rinconeducativo.org\/es\/#\/schema\/person\/f603ec3f0ea7e111605a41bb2113c67b\"},\"headline\":\"15\u00ba aniversario de la Red Latinoamericana para la Educaci\u00f3n y la Capacitaci\u00f3n en Tecnolog\u00eda Nuclear\",\"datePublished\":\"2025-12-08T08:39:38+00:00\",\"dateModified\":\"2025-12-09T09:07:04+00:00\",\"mainEntityOfPage\":{\"@id\":\"https:\/\/rinconeducativo.org\/es\/noticias\/15o-aniversario-lanent\/\"},\"wordCount\":367,\"image\":{\"@id\":\"https:\/\/rinconeducativo.org\/es\/noticias\/15o-aniversario-lanent\/#primaryimage\"},\"thumbnailUrl\":\"https:\/\/rinconeducativo.org\/wp-content\/uploads\/2025\/12\/15Aniversario_Lanent_Rincon_Educativo.png\",\"keywords\":[\"Aplicaciones de la Tecnolog\u00eda Nuclear\",\"Energ\u00eda nuclear\"],\"articleSection\":[\"Noticias\"],\"inLanguage\":\"es\"},{\"@type\":\"WebPage\",\"@id\":\"https:\/\/rinconeducativo.org\/es\/noticias\/15o-aniversario-lanent\/\",\"url\":\"https:\/\/rinconeducativo.org\/es\/noticias\/15o-aniversario-lanent\/\",\"name\":\"15\u00ba aniversario de la Red Latinoamericana para la Educaci\u00f3n y la Capacitaci\u00f3n en Tecnolog\u00eda Nuclear - Rinc\u00f3n educativo\",\"isPartOf\":{\"@id\":\"https:\/\/rinconeducativo.org\/es\/#website\"},\"primaryImageOfPage\":{\"@id\":\"https:\/\/rinconeducativo.org\/es\/noticias\/15o-aniversario-lanent\/#primaryimage\"},\"image\":{\"@id\":\"https:\/\/rinconeducativo.org\/es\/noticias\/15o-aniversario-lanent\/#primaryimage\"},\"thumbnailUrl\":\"https:\/\/rinconeducativo.org\/wp-content\/uploads\/2025\/12\/15Aniversario_Lanent_Rincon_Educativo.png\",\"datePublished\":\"2025-12-08T08:39:38+00:00\",\"dateModified\":\"2025-12-09T09:07:04+00:00\",\"author\":{\"@id\":\"https:\/\/rinconeducativo.org\/es\/#\/schema\/person\/f603ec3f0ea7e111605a41bb2113c67b\"},\"breadcrumb\":{\"@id\":\"https:\/\/rinconeducativo.org\/es\/noticias\/15o-aniversario-lanent\/#breadcrumb\"},\"inLanguage\":\"es\",\"potentialAction\":[{\"@type\":\"ReadAction\",\"target\":[\"https:\/\/rinconeducativo.org\/es\/noticias\/15o-aniversario-lanent\/\"]}]},{\"@type\":\"ImageObject\",\"inLanguage\":\"es\",\"@id\":\"https:\/\/rinconeducativo.org\/es\/noticias\/15o-aniversario-lanent\/#primaryimage\",\"url\":\"https:\/\/rinconeducativo.org\/wp-content\/uploads\/2025\/12\/15Aniversario_Lanent_Rincon_Educativo.png\",\"contentUrl\":\"https:\/\/rinconeducativo.org\/wp-content\/uploads\/2025\/12\/15Aniversario_Lanent_Rincon_Educativo.png\",\"width\":1200,\"height\":528,\"caption\":\"15\u00ba Aniversario Red LANENT\"},{\"@type\":\"BreadcrumbList\",\"@id\":\"https:\/\/rinconeducativo.org\/es\/noticias\/15o-aniversario-lanent\/#breadcrumb\",\"itemListElement\":[{\"@type\":\"ListItem\",\"position\":1,\"name\":\"Portada\",\"item\":\"https:\/\/rinconeducativo.org\/es\/\"},{\"@type\":\"ListItem\",\"position\":2,\"name\":\"15\u00ba aniversario de la Red Latinoamericana para la Educaci\u00f3n y la Capacitaci\u00f3n en Tecnolog\u00eda Nuclear\"}]},{\"@type\":\"WebSite\",\"@id\":\"https:\/\/rinconeducativo.org\/es\/#website\",\"url\":\"https:\/\/rinconeducativo.org\/es\/\",\"name\":\"Rinc\u00f3n educativo\",\"description\":\"Un proyecto del Foro Nuclear\",\"potentialAction\":[{\"@type\":\"SearchAction\",\"target\":{\"@type\":\"EntryPoint\",\"urlTemplate\":\"https:\/\/rinconeducativo.org\/es\/?s={search_term_string}\"},\"query-input\":{\"@type\":\"PropertyValueSpecification\",\"valueRequired\":true,\"valueName\":\"search_term_string\"}}],\"inLanguage\":\"es\"},{\"@type\":\"Person\",\"@id\":\"https:\/\/rinconeducativo.org\/es\/#\/schema\/person\/f603ec3f0ea7e111605a41bb2113c67b\",\"name\":\"lgala\",\"url\":\"https:\/\/rinconeducativo.org\/es\/author\/lgala\/\"}]}<\/script>\n<!-- \/ Yoast SEO plugin. -->","yoast_head_json":{"title":"15\u00ba aniversario de la Red Latinoamericana para la Educaci\u00f3n y la Capacitaci\u00f3n en Tecnolog\u00eda Nuclear - Rinc\u00f3n educativo","robots":{"index":"index","follow":"follow","max-snippet":"max-snippet:-1","max-image-preview":"max-image-preview:large","max-video-preview":"max-video-preview:-1"},"canonical":"https:\/\/rinconeducativo.org\/es\/noticias\/15o-aniversario-lanent\/","og_locale":"es_ES","og_type":"article","og_title":"15\u00ba aniversario de la Red Latinoamericana para la Educaci\u00f3n y la Capacitaci\u00f3n en Tecnolog\u00eda Nuclear - Rinc\u00f3n educativo","og_description":"El 8 de diciembre la Red Latinoamericana para la Educaci\u00f3n y la Capacitaci\u00f3n en Tecnolog\u00eda Nuclear (Lanent) ha celebrado su 15\u00ba aniversario. Esta red de instituciones de Am\u00e9rica Latina y el Caribe es un pilar fundamental en la educaci\u00f3n, la capacitaci\u00f3n, la gesti\u00f3n del conocimiento y la divulgaci\u00f3n en el \u00e1mbito nuclear.","og_url":"https:\/\/rinconeducativo.org\/es\/noticias\/15o-aniversario-lanent\/","og_site_name":"Rinc\u00f3n educativo","article_published_time":"2025-12-08T08:39:38+00:00","article_modified_time":"2025-12-09T09:07:04+00:00","og_image":[{"width":1200,"height":528,"url":"https:\/\/rinconeducativo.org\/wp-content\/uploads\/2025\/12\/15Aniversario_Lanent_Rincon_Educativo.png","type":"image\/png"}],"author":"lgala","twitter_card":"summary_large_image","schema":{"@context":"https:\/\/schema.org","@graph":[{"@type":"Article","@id":"https:\/\/rinconeducativo.org\/es\/noticias\/15o-aniversario-lanent\/#article","isPartOf":{"@id":"https:\/\/rinconeducativo.org\/es\/noticias\/15o-aniversario-lanent\/"},"author":{"name":"lgala","@id":"https:\/\/rinconeducativo.org\/es\/#\/schema\/person\/f603ec3f0ea7e111605a41bb2113c67b"},"headline":"15\u00ba aniversario de la Red Latinoamericana para la Educaci\u00f3n y la Capacitaci\u00f3n en Tecnolog\u00eda Nuclear","datePublished":"2025-12-08T08:39:38+00:00","dateModified":"2025-12-09T09:07:04+00:00","mainEntityOfPage":{"@id":"https:\/\/rinconeducativo.org\/es\/noticias\/15o-aniversario-lanent\/"},"wordCount":367,"image":{"@id":"https:\/\/rinconeducativo.org\/es\/noticias\/15o-aniversario-lanent\/#primaryimage"},"thumbnailUrl":"https:\/\/rinconeducativo.org\/wp-content\/uploads\/2025\/12\/15Aniversario_Lanent_Rincon_Educativo.png","keywords":["Aplicaciones de la Tecnolog\u00eda Nuclear","Energ\u00eda nuclear"],"articleSection":["Noticias"],"inLanguage":"es"},{"@type":"WebPage","@id":"https:\/\/rinconeducativo.org\/es\/noticias\/15o-aniversario-lanent\/","url":"https:\/\/rinconeducativo.org\/es\/noticias\/15o-aniversario-lanent\/","name":"15\u00ba aniversario de la Red Latinoamericana para la Educaci\u00f3n y la Capacitaci\u00f3n en Tecnolog\u00eda Nuclear - Rinc\u00f3n educativo","isPartOf":{"@id":"https:\/\/rinconeducativo.org\/es\/#website"},"primaryImageOfPage":{"@id":"https:\/\/rinconeducativo.org\/es\/noticias\/15o-aniversario-lanent\/#primaryimage"},"image":{"@id":"https:\/\/rinconeducativo.org\/es\/noticias\/15o-aniversario-lanent\/#primaryimage"},"thumbnailUrl":"https:\/\/rinconeducativo.org\/wp-content\/uploads\/2025\/12\/15Aniversario_Lanent_Rincon_Educativo.png","datePublished":"2025-12-08T08:39:38+00:00","dateModified":"2025-12-09T09:07:04+00:00","author":{"@id":"https:\/\/rinconeducativo.org\/es\/#\/schema\/person\/f603ec3f0ea7e111605a41bb2113c67b"},"breadcrumb":{"@id":"https:\/\/rinconeducativo.org\/es\/noticias\/15o-aniversario-lanent\/#breadcrumb"},"inLanguage":"es","potentialAction":[{"@type":"ReadAction","target":["https:\/\/rinconeducativo.org\/es\/noticias\/15o-aniversario-lanent\/"]}]},{"@type":"ImageObject","inLanguage":"es","@id":"https:\/\/rinconeducativo.org\/es\/noticias\/15o-aniversario-lanent\/#primaryimage","url":"https:\/\/rinconeducativo.org\/wp-content\/uploads\/2025\/12\/15Aniversario_Lanent_Rincon_Educativo.png","contentUrl":"https:\/\/rinconeducativo.org\/wp-content\/uploads\/2025\/12\/15Aniversario_Lanent_Rincon_Educativo.png","width":1200,"height":528,"caption":"15\u00ba Aniversario Red LANENT"},{"@type":"BreadcrumbList","@id":"https:\/\/rinconeducativo.org\/es\/noticias\/15o-aniversario-lanent\/#breadcrumb","itemListElement":[{"@type":"ListItem","position":1,"name":"Portada","item":"https:\/\/rinconeducativo.org\/es\/"},{"@type":"ListItem","position":2,"name":"15\u00ba aniversario de la Red Latinoamericana para la Educaci\u00f3n y la Capacitaci\u00f3n en Tecnolog\u00eda Nuclear"}]},{"@type":"WebSite","@id":"https:\/\/rinconeducativo.org\/es\/#website","url":"https:\/\/rinconeducativo.org\/es\/","name":"Rinc\u00f3n educativo","description":"Un proyecto del Foro Nuclear","potentialAction":[{"@type":"SearchAction","target":{"@type":"EntryPoint","urlTemplate":"https:\/\/rinconeducativo.org\/es\/?s={search_term_string}"},"query-input":{"@type":"PropertyValueSpecification","valueRequired":true,"valueName":"search_term_string"}}],"inLanguage":"es"},{"@type":"Person","@id":"https:\/\/rinconeducativo.org\/es\/#\/schema\/person\/f603ec3f0ea7e111605a41bb2113c67b","name":"lgala","url":"https:\/\/rinconeducativo.org\/es\/author\/lgala\/"}]}},"_links":{"self":[{"href":"https:\/\/rinconeducativo.org\/es\/wp-json\/wp\/v2\/posts\/40636","targetHints":{"allow":["GET"]}}],"collection":[{"href":"https:\/\/rinconeducativo.org\/es\/wp-json\/wp\/v2\/posts"}],"about":[{"href":"https:\/\/rinconeducativo.org\/es\/wp-json\/wp\/v2\/types\/post"}],"author":[{"embeddable":true,"href":"https:\/\/rinconeducativo.org\/es\/wp-json\/wp\/v2\/users\/1088"}],"replies":[{"embeddable":true,"href":"https:\/\/rinconeducativo.org\/es\/wp-json\/wp\/v2\/comments?post=40636"}],"version-history":[{"count":2,"href":"https:\/\/rinconeducativo.org\/es\/wp-json\/wp\/v2\/posts\/40636\/revisions"}],"predecessor-version":[{"id":40642,"href":"https:\/\/rinconeducativo.org\/es\/wp-json\/wp\/v2\/posts\/40636\/revisions\/40642"}],"wp:featuredmedia":[{"embeddable":true,"href":"https:\/\/rinconeducativo.org\/es\/wp-json\/wp\/v2\/media\/40640"}],"wp:attachment":[{"href":"https:\/\/rinconeducativo.org\/es\/wp-json\/wp\/v2\/media?parent=40636"}],"wp:term":[{"taxonomy":"category","embeddable":true,"href":"https:\/\/rinconeducativo.org\/es\/wp-json\/wp\/v2\/categories?post=40636"},{"taxonomy":"post_tag","embeddable":true,"href":"https:\/\/rinconeducativo.org\/es\/wp-json\/wp\/v2\/tags?post=40636"}],"curies":[{"name":"wp","href":"https:\/\/api.w.org\/{rel}","templated":true}]}}